[{"@context":"https:\/\/schema.org\/","@type":"Article","@id":"https:\/\/www.dentaco.cz\/uz-mate-svuj-bazen\/#Article","mainEntityOfPage":"https:\/\/www.dentaco.cz\/uz-mate-svuj-bazen\/","headline":"U\u017e m\u00e1te sv\u016fj baz\u00e9n?","name":"U\u017e m\u00e1te sv\u016fj baz\u00e9n?","description":"My lid\u00e9 se obvykle t\u011b\u0161\u00edme na l\u00e9to. Jednak je to nejobvyklej\u0161\u00ed doba dovolen\u00fdch a jednak je tou dobou teplo, co\u017e m\u00e1me rad\u011bji ne\u017e zimu. Jen\u017ee v\u0161eho moc \u0161kod\u00ed. A kdy\u017e je tedy v l\u00e9t\u011b p\u0159\u00edli\u0161 horko, hled\u00e1me pochopiteln\u011b zp\u016fsoby, jak se ochladit a osv\u011b\u017eit. A co p\u0159i tom nal\u00e9z\u00e1me? \u010c\u00edm \u017ee si d\u011bl\u00e1me v tomto ohledu dob\u0159e? Mimo jin\u00e9 i [&hellip;]","datePublished":"2024-04-13","dateModified":"2024-05-13","author":{"@type":"Person","@id":"https:\/\/www.dentaco.cz\/author\/#Person","name":"","url":"https:\/\/www.dentaco.cz\/author\/","identifier":1,"image":{"@type":"ImageObject","@id":"https:\/\/secure.gravatar.com\/avatar\/d89f66f31d15c86aaa67b2d500e11b783534f791bc2a93dd89895a03d043c162?s=96&d=mm&r=g","url":"https:\/\/secure.gravatar.com\/avatar\/d89f66f31d15c86aaa67b2d500e11b783534f791bc2a93dd89895a03d043c162?s=96&d=mm&r=g","height":96,"width":96}},"publisher":{"@type":"Organization","name":"dentaco.cz","logo":{"@type":"ImageObject","@id":"\/logo.png","url":"\/logo.png","width":600,"height":60}},"image":{"@type":"ImageObject","@id":"https:\/\/www.dentaco.cz\/wp-content\/uploads\/bbbbb_1.jpg","url":"https:\/\/www.dentaco.cz\/wp-content\/uploads\/bbbbb_1.jpg","height":0,"width":0},"url":"https:\/\/www.dentaco.cz\/uz-mate-svuj-bazen\/","about":["Zbo\u017e\u00ed"],"wordCount":458,"articleBody":"   My lid\u00e9 se obvykle t\u011b\u0161\u00edme na l\u00e9to. Jednak je to nejobvyklej\u0161\u00ed doba dovolen\u00fdch a jednak je tou dobou teplo, co\u017e m\u00e1me rad\u011bji ne\u017e zimu. Jen\u017ee v\u0161eho moc \u0161kod\u00ed. A kdy\u017e je tedy v l\u00e9t\u011b p\u0159\u00edli\u0161 horko, hled\u00e1me pochopiteln\u011b zp\u016fsoby, jak se ochladit a osv\u011b\u017eit. A co p\u0159i tom nal\u00e9z\u00e1me? \u010c\u00edm \u017ee si d\u011bl\u00e1me v tomto ohledu dob\u0159e? Mimo jin\u00e9 i t\u00edm, \u017ee se jdeme n\u011bkam vykoupat.Co se takov\u00e9ho koup\u00e1n\u00ed t\u00fdk\u00e1, nem\u00e1me ale v\u0161ichni stejn\u00e9 podm\u00ednky. Jsou tu chud\u00e1ci, kte\u0159\u00ed se mus\u00ed spokojit s vanou a sprchou u sebe doma, proto\u017ee lep\u0161\u00ed nab\u00eddka v dosahu nen\u00ed, pak jsou tu ti \u0161\u0165astn\u011bj\u0161\u00ed, kte\u0159\u00ed \u017eij\u00ed n\u011bkde v dosa\u017eiteln\u00e9 vzd\u00e1lenosti od n\u011bjak\u00e9 p\u0159\u00edrodn\u00ed vodn\u00ed plochy nebo plov\u00e1rny, a samoz\u0159ejm\u011b m\u00e1me i ty nej\u0161\u0165astn\u011bj\u0161\u00ed, tedy ty, kte\u0159\u00ed se zmohli na sv\u016fj vlastn\u00ed baz\u00e9n.Zejm\u00e9na t\u011bm posledn\u011b uveden\u00fdm se d\u00e1 skute\u010dn\u011b z\u00e1vid\u011bt. Nejen proto, \u017ee maj\u00ed m\u00edsto, kde by se mohli za horka smo\u010dit, ale i proto, \u017ee maj\u00ed takov\u00e9 vlastn\u00ed koup\u00e1tko tam, kde ho cht\u011bj\u00ed m\u00edt, a toto je jenom jejich, tak\u017ee se o n\u011bj nemus\u00ed s nik\u00fdm d\u011blit nebo t\u0159eba dodr\u017eovat n\u011bjakou tu otev\u00edrac\u00ed dobu, jak je tomu u ve\u0159ejn\u00fdch koupali\u0161\u0165.Ti, kdo maj\u00ed vlastn\u00ed baz\u00e9n, maj\u00ed prost\u011b v tepl\u00fdch letn\u00edch dnech v\u00fdhodu. A to hodn\u011b velkou v\u00fdhodu. T\u011bm mohou ostatn\u00ed lid\u00e9 z\u00e1vid\u011bt. Ale z\u00e1vist nen\u00ed ani dobr\u00e1 vlastnost, ani \u0159e\u0161en\u00ed podobn\u00e9ho probl\u00e9mu. A tak by ti, kdo se cht\u011bj\u00ed osv\u011b\u017eovat ve vlastn\u00edm baz\u00e9nu, ale nemaj\u00ed ho, m\u011bli tak\u00e9 uva\u017eovat, zda by se s t\u00edm nem\u011blo n\u011bco ud\u011blat. M\u011bli by se zamyslet nad t\u00edm, zda by jim tak\u00e9 nep\u0159i\u0161el baz\u00e9n vhod. A pak by si ho m\u011bli tak\u00e9 koupit. Proto\u017ee na tom v\u016fbec nic nen\u00ed. Takov\u00e9 baz\u00e9ny se se\u017eenou u mnoha prodejc\u016f ve spoust\u011b variant, a kdy\u017e se t\u0159eba pod\u00edv\u00e1te, jak\u00e1 prov\u00e1z\u00ed baz\u00e9n zapu\u0161t\u011bn\u00fd cena, mus\u00edte uznat, \u017ee to nen\u00ed nic, co by si na\u0161inec nemohl z finan\u010dn\u00edch d\u016fvod\u016f dovolit.Sta\u010d\u00ed prost\u011b jenom n\u011bjak\u00e9 ty pen\u00edze a kus pozemku, kde by se mohl takov\u00fd baz\u00e9n nach\u00e1zet, a r\u00e1zem se ka\u017ed\u00fd z n\u00e1s m\u016f\u017ee c\u00edtit za hork\u00fdch letn\u00edch dn\u00ed p\u0159\u00edjemn\u011bji.                                                                                                                                                                                                                                                                                                                                                                                          4.8\/5 - (13 votes)        "},{"@context":"https:\/\/schema.org\/","@type":"BreadcrumbList","itemListElement":[{"@type":"ListItem","position":1,"name":"U\u017e m\u00e1te sv\u016fj baz\u00e9n?","item":"https:\/\/www.dentaco.cz\/uz-mate-svuj-bazen\/#breadcrumbitem"}]}]