[{"@context":"https:\/\/schema.org\/","@type":"Article","@id":"https:\/\/www.dentaco.cz\/proplujte-zivotem-i-s-prekazkami\/#Article","mainEntityOfPage":"https:\/\/www.dentaco.cz\/proplujte-zivotem-i-s-prekazkami\/","headline":"Proplujte \u017eivotem i s p\u0159ek\u00e1\u017ekami","name":"Proplujte \u017eivotem i s p\u0159ek\u00e1\u017ekami","description":"Jste unaven\u00ed ka\u017edodenn\u00edm stresem a povinnostmi? Neda\u0159\u00ed se v\u00e1m tak, jak byste pot\u0159ebovali a hlavn\u011b cht\u011bli? P\u0159em\u00fd\u0161l\u00edte, jak se z negativn\u00edch pocit\u016f dostat a b\u00fdt znovu \u00fasp\u011b\u0161n\u00ed a produktivn\u00ed? Je mo\u017en\u00e9, \u017ee v\u0161echno m\u00e1 na sv\u011bdom\u00ed inspirace. Jak je to mo\u017en\u00e9? Jednodu\u0161e v\u00e1m chyb\u00ed, a vy ztr\u00e1c\u00edte chu\u0165 d\u00e1l na sob\u011b pracovat a bojovat. Pokud ji\u017e \u010dek\u00e1te na ni dlouho [&hellip;]","datePublished":"2024-04-18","dateModified":"2024-04-18","author":{"@type":"Person","@id":"https:\/\/www.dentaco.cz\/author\/#Person","name":"","url":"https:\/\/www.dentaco.cz\/author\/","identifier":1,"image":{"@type":"ImageObject","@id":"https:\/\/secure.gravatar.com\/avatar\/d89f66f31d15c86aaa67b2d500e11b783534f791bc2a93dd89895a03d043c162?s=96&d=mm&r=g","url":"https:\/\/secure.gravatar.com\/avatar\/d89f66f31d15c86aaa67b2d500e11b783534f791bc2a93dd89895a03d043c162?s=96&d=mm&r=g","height":96,"width":96}},"publisher":{"@type":"Organization","name":"dentaco.cz","logo":{"@type":"ImageObject","@id":"\/logo.png","url":"\/logo.png","width":600,"height":60}},"url":"https:\/\/www.dentaco.cz\/proplujte-zivotem-i-s-prekazkami\/","wordCount":239,"articleBody":"Jste unaven\u00ed ka\u017edodenn\u00edm stresem a povinnostmi? Neda\u0159\u00ed se v\u00e1m tak, jak byste pot\u0159ebovali a hlavn\u011b cht\u011bli? P\u0159em\u00fd\u0161l\u00edte, jak se z negativn\u00edch pocit\u016f dostat a b\u00fdt znovu \u00fasp\u011b\u0161n\u00ed a produktivn\u00ed? Je mo\u017en\u00e9, \u017ee v\u0161echno m\u00e1 na sv\u011bdom\u00ed inspirace. Jak je to mo\u017en\u00e9? Jednodu\u0161e v\u00e1m chyb\u00ed, a vy ztr\u00e1c\u00edte chu\u0165 d\u00e1l na sob\u011b pracovat a bojovat. Pokud ji\u017e \u010dek\u00e1te na ni dlouho a nem\u016f\u017eete se hnout z m\u00edsta, vyu\u017eijte pomoc odborn\u00e9ho poradenstv\u00ed spole\u010dnosti Motiv P. Agentura, kter\u00e1 ji\u017e l\u00e9ta po\u0159\u00e1d\u00e1 \u0161kolen\u00ed a konference pro firmy i jednotlivce, kter\u00e9 v\u00e1s m\u016f\u017eou povzbudit a pomoct naj\u00edt c\u00edl. P\u0159ek\u00e1\u017ekou je v\u00e1\u0161 \u010das a osobn\u00ed kontakt? M\u00e1te mo\u017enost videokonference, kterou si pust\u00edte jednodu\u0161e online.Optimistick\u00fd pohled na \u017eivotPo zaj\u00edmav\u00e9m \u0161kolen\u00ed nebo p\u0159edn\u00e1\u0161ce, z\u00edsk\u00e1te najednou pocit dostate\u010dn\u00e9 s\u00edly a dostav\u00ed se i pot\u0159ebn\u00e1 inspirace. Negativn\u00ed my\u0161lenky zmiz\u00ed, a vy za\u010dnete pomalu na sob\u011b op\u011bt pracovat. Va\u0161e osobnost se formuje po cel\u00fd \u017eivot, tak pro\u010d to vzd\u00e1vat, kdy\u017e n\u011bco zrovna nevych\u00e1z\u00ed? V osobn\u00edm \u017eivot\u011b i v zam\u011bstn\u00e1n\u00ed jde jen o to, m\u00edt sv\u016fj c\u00edl. Potom jde v\u0161echno mnohem l\u00e9pe a s optimizmem.                                                                                                                                                                                                                                                                                                                                                                                        4.4\/5 - (7 votes)        "},{"@context":"https:\/\/schema.org\/","@type":"BreadcrumbList","itemListElement":[{"@type":"ListItem","position":1,"name":"Proplujte \u017eivotem i s p\u0159ek\u00e1\u017ekami","item":"https:\/\/www.dentaco.cz\/proplujte-zivotem-i-s-prekazkami\/#breadcrumbitem"}]}]