[{"@context":"https:\/\/schema.org\/","@type":"Article","@id":"https:\/\/www.dentaco.cz\/proc-si-na-svatbu-pujcit-saty\/#Article","mainEntityOfPage":"https:\/\/www.dentaco.cz\/proc-si-na-svatbu-pujcit-saty\/","headline":"Pro\u010d si na svatbu p\u016fj\u010dit \u0161aty","name":"Pro\u010d si na svatbu p\u016fj\u010dit \u0161aty","description":"Chyst\u00e1te se na svatbu a organizujete v\u0161e, co se svatebn\u00edm ob\u0159adem souvis\u00ed? M\u00e1te starost\u00ed a\u017e nad hlavu a nev\u00edte, kam d\u0159\u00edv sko\u010dit? Svatebn\u00ed oslavy vy\u017eaduj\u00ed zna\u010dnou pozornost, pot\u0159ebujete zajistit svatebn\u00ed ozn\u00e1men\u00ed, vhodn\u00e9 prost\u0159ed\u00ed pro slavnostn\u00ed hostinu a n\u00e1sledn\u00e9 svatebn\u00ed oslavy, kv\u011btinovou v\u00fdzdobu, j\u00eddeln\u00ed menu a tak\u00e9 svatebn\u00ed \u0161aty. V sou\u010dasn\u00e9 dob\u011b je mo\u017en\u00e9 vyu\u017e\u00edt p\u016fj\u010dovny svatebn\u00edch \u0161at\u016f v Praze, co\u017e [&hellip;]","datePublished":"2024-10-21","dateModified":"2024-10-21","author":{"@type":"Person","@id":"https:\/\/www.dentaco.cz\/author\/#Person","name":"","url":"https:\/\/www.dentaco.cz\/author\/","identifier":1,"image":{"@type":"ImageObject","@id":"https:\/\/secure.gravatar.com\/avatar\/d89f66f31d15c86aaa67b2d500e11b783534f791bc2a93dd89895a03d043c162?s=96&d=mm&r=g","url":"https:\/\/secure.gravatar.com\/avatar\/d89f66f31d15c86aaa67b2d500e11b783534f791bc2a93dd89895a03d043c162?s=96&d=mm&r=g","height":96,"width":96}},"publisher":{"@type":"Organization","name":"dentaco.cz","logo":{"@type":"ImageObject","@id":"\/logo.png","url":"\/logo.png","width":600,"height":60}},"image":{"@type":"ImageObject","@id":"https:\/\/www.dentaco.cz\/wp-content\/uploads\/bride-6825609_640.jpg","url":"https:\/\/www.dentaco.cz\/wp-content\/uploads\/bride-6825609_640.jpg","height":0,"width":0},"url":"https:\/\/www.dentaco.cz\/proc-si-na-svatbu-pujcit-saty\/","about":["Spole\u010dnosti"],"wordCount":402,"articleBody":"   Chyst\u00e1te se na svatbu a organizujete v\u0161e, co se svatebn\u00edm ob\u0159adem souvis\u00ed? M\u00e1te starost\u00ed a\u017e nad hlavu a nev\u00edte, kam d\u0159\u00edv sko\u010dit? Svatebn\u00ed oslavy vy\u017eaduj\u00ed zna\u010dnou pozornost, pot\u0159ebujete zajistit svatebn\u00ed ozn\u00e1men\u00ed, vhodn\u00e9 prost\u0159ed\u00ed pro slavnostn\u00ed hostinu a n\u00e1sledn\u00e9 svatebn\u00ed oslavy, kv\u011btinovou v\u00fdzdobu, j\u00eddeln\u00ed menu a tak\u00e9 svatebn\u00ed \u0161aty. V sou\u010dasn\u00e9 dob\u011b je mo\u017en\u00e9 vyu\u017e\u00edt p\u016fj\u010dovny svatebn\u00edch \u0161at\u016f v Praze, co\u017e v\u00e1m u\u0161et\u0159\u00ed spoustu starost\u00ed, a z\u00e1rove\u0148 u\u0161et\u0159\u00edte. Jak\u00e9 v\u00fdhody vlastn\u011b poskytuje pron\u00e1jem svatebn\u00edch \u0161at\u016f?\u00daspora financ\u00ed \u2013 v prvn\u00ed \u0159ad\u011b &#8211; pokud vysloven\u011b nelp\u00edte na \u201emajetku\u201c, v\u00fdrazn\u011b u\u0161et\u0159\u00edte. Svatebn\u00ed \u0161aty sice mohou b\u00fdt v\u00fdznamn\u00fdm \u201efeti\u0161em\u201c, ale p\u0159ece jen je to pouh\u00e9 oble\u010den\u00ed, p\u0159i\u010dem\u017e podstatn\u00e1 je va\u0161e osobnost a vzpom\u00ednky na svatbu jako takovou. Pestr\u00fd v\u00fdb\u011br \u2013 p\u016fj\u010dovny nab\u00edz\u00ed za rozumnou cenu velmi pestr\u00fd v\u00fdb\u011br \u0161at\u016f, nemus\u00edte m\u00edt obavy, \u017ee byste musely s\u00e1hnout po n\u011bjak\u00e9m odlo\u017een\u00e9m modelu, co se ji\u017e d\u00e1vno nenos\u00ed a vy\u0161el z m\u00f3dy. Sou\u010d\u00e1st\u00ed pron\u00e1jmu tak\u00e9 mohou b\u00fdt r\u016fzn\u00e9 dopl\u0148ky, nap\u0159\u00edklad vlasov\u00e9 ozdoby, obli\u010dejov\u00e9 z\u00e1voje atp.Odborn\u00e9 poradenstv\u00ed \u2013 v p\u016fj\u010dovn\u00e1ch \u0161at\u016f v\u00e1m mohou vhodn\u011b poradit, co se hod\u00ed k va\u0161\u00ed postav\u011b \u010di tvaru obli\u010deje nebo barv\u011b vlas\u016f. M\u016f\u017eete se tu dozv\u011bd\u011bt n\u011bkter\u00e9 zaj\u00edmav\u00e9 tipy, \u010demu se vyhnout a co naopak up\u0159ednostnit, aby va\u0161e svatba m\u011bla po\u017eadovanou \u00farove\u0148. \u0160aty budou \u010dist\u00e9 \u2013 svatebn\u00ed \u0161aty z p\u016fj\u010doven jsou v\u017edy vy\u010di\u0161t\u011bn\u00e9, proch\u00e1z\u00ed \u010dist\u00edrnou, tak\u017ee nemus\u00edte m\u00edt obavy, \u017ee budou nas\u00e1kl\u00e9 ciz\u00edm potem.Obuv m\u011bjte rad\u011bji vlastn\u00edTeoreticky je mo\u017en\u00e9 pronajmout i svatebn\u00ed obuv. Toto ale nelze nikomu doporu\u010dit jednak z hygienick\u00fdch d\u016fvod\u016f, i kdy\u017e m\u016f\u017ee b\u00fdt obuv chemicky o\u0161et\u0159ena proti v\u00fdskytu bakteri\u00ed z chodidel, a pak ji\u017e pro\u0161l\u00e1pnut\u00e9 boty nebudou p\u0159esn\u011b sed\u011bt na tvar va\u0161eho chodidla, co\u017e m\u016f\u017ee zp\u016fsobit p\u0159i ch\u016fzi zbyte\u010dn\u00e9 nep\u0159\u00edjemnosti. Svatebn\u00ed st\u0159ev\u00edce i p\u00e1nskou obuv m\u011bjte v\u017edy vlastn\u00ed.                                                                                                                                                                                                                                                                                                                                                                                          4.3\/5 - (3 votes)        "},{"@context":"https:\/\/schema.org\/","@type":"BreadcrumbList","itemListElement":[{"@type":"ListItem","position":1,"name":"Pro\u010d si na svatbu p\u016fj\u010dit \u0161aty","item":"https:\/\/www.dentaco.cz\/proc-si-na-svatbu-pujcit-saty\/#breadcrumbitem"}]}]