[{"@context":"https:\/\/schema.org\/","@type":"Article","@id":"https:\/\/www.dentaco.cz\/podzim\/#Article","mainEntityOfPage":"https:\/\/www.dentaco.cz\/podzim\/","headline":"Podzim","name":"Podzim","description":"Nejv\u00edce na sv\u011bt\u011b miluji jedin\u00e9 ro\u010dn\u00ed obdob\u00ed, a to je l\u00e9to. Ale to nic bohu\u017eel nem\u011bn\u00ed na tom, \u017ee l\u00e9to u\u017e skon\u010dilo a pomalu p\u0159ich\u00e1z\u00ed podzim, co\u017e je taky moje obl\u00edben\u00e9 obdob\u00ed. Sice nen\u00ed takov\u00e9 teplo, jako t\u0159eba v l\u00e9t\u011b, ale i podzim m\u00e1 svoje kouzlo. Co jsou jedny z nejv\u011bt\u0161\u00edch zm\u011bn po\u010das\u00ed z l\u00e9ta na podzim? Po\u010das\u00ed\u00a0 Jak u\u017e [&hellip;]","datePublished":"2023-11-23","dateModified":"2023-11-23","author":{"@type":"Person","@id":"https:\/\/www.dentaco.cz\/author\/#Person","name":"","url":"https:\/\/www.dentaco.cz\/author\/","identifier":1,"image":{"@type":"ImageObject","@id":"https:\/\/secure.gravatar.com\/avatar\/d89f66f31d15c86aaa67b2d500e11b783534f791bc2a93dd89895a03d043c162?s=96&d=mm&r=g","url":"https:\/\/secure.gravatar.com\/avatar\/d89f66f31d15c86aaa67b2d500e11b783534f791bc2a93dd89895a03d043c162?s=96&d=mm&r=g","height":96,"width":96}},"publisher":{"@type":"Organization","name":"dentaco.cz","logo":{"@type":"ImageObject","@id":"\/logo.png","url":"\/logo.png","width":600,"height":60}},"image":{"@type":"ImageObject","@id":"https:\/\/www.dentaco.cz\/wp-content\/uploads\/pexels-polina-tankilevitch-5540035.jpg","url":"https:\/\/www.dentaco.cz\/wp-content\/uploads\/pexels-polina-tankilevitch-5540035.jpg","height":0,"width":0},"url":"https:\/\/www.dentaco.cz\/podzim\/","about":["Lifestyle"],"wordCount":445,"articleBody":"Nejv\u00edce na sv\u011bt\u011b miluji jedin\u00e9 ro\u010dn\u00ed obdob\u00ed, a to je l\u00e9to. Ale to nic bohu\u017eel nem\u011bn\u00ed na tom, \u017ee l\u00e9to u\u017e skon\u010dilo a pomalu p\u0159ich\u00e1z\u00ed podzim, co\u017e je taky moje obl\u00edben\u00e9 obdob\u00ed. Sice nen\u00ed takov\u00e9 teplo, jako t\u0159eba v l\u00e9t\u011b, ale i podzim m\u00e1 svoje kouzlo. Co jsou jedny z nejv\u011bt\u0161\u00edch zm\u011bn po\u010das\u00ed z l\u00e9ta na podzim?Po\u010das\u00ed\u00a0Jak u\u017e jsem \u0159ekla, tak se za\u010d\u00edn\u00e1 pomalu ochlazovat. U\u017e nen\u00ed takov\u00e9 teplo, ale za\u010d\u00edn\u00e1 b\u00fdt trochu zima. No ale to nevad\u00ed \u2013 kdy\u017e se \u010dlov\u011bk dob\u0159e oble\u010de, tak to a\u017e tak hodn\u011b nepoc\u00edt\u00ed, a naopak si bude podzimn\u00ed obdob\u00ed u\u017e\u00edvat pln\u00fdmi dou\u0161ky a najde si na n\u011bm n\u011bco hezk\u00e9ho.Zm\u011bna barvy list\u016fAsi ka\u017ed\u00fd si u\u017e p\u00e1rkr\u00e1t v\u0161iml, \u017ee norm\u00e1ln\u011b za norm\u00e1ln\u00edch okolnost\u00ed maj\u00ed stromy listy zelen\u00e9, nicm\u00e9n\u011b na podzim se za\u010d\u00ednaj\u00ed n\u00e1dhern\u011b zbarvovat do podzimn\u00edch barev, a to pr\u00e1v\u011b tolik lid\u00ed na podzimu tak fascinuje. Najdete stromy s n\u00e1dhern\u00fdmi \u017elut\u00fdmi, \u017eluto-zelen\u00fdmi, hn\u011bd\u00fdmi a \u010derven\u00fdmi a v\u00ednov\u00fdmi listy. No nen\u00ed to kr\u00e1sa? Moje dcera podzim miluje a v\u017edycky, kdy\u017e uvid\u00ed tu zm\u011bnu barvy list\u016f, tak naprosto \u017easne a je to pro ni n\u011bco, jako kdyby pro\u017e\u00edvala V\u00e1noce. A j\u00e1 se ob\u010das taky c\u00edt\u00edm podobn\u011b. Je to toti\u017e i o tom, \u017ee na ka\u017ed\u00e9m ro\u010dn\u00edm obdob\u00ed by si \u010dlov\u011bk m\u011bl naj\u00edt alespo\u0148 kousek toho hezk\u00e9ho a pak se mu bude i l\u00e9pe pro\u017e\u00edvat. Je fakt, \u017ee nem\u00e1m r\u00e1da jenom jedno obdob\u00ed, a to je zima \u2013 ale i na t\u00e9 jsem si kupodivu na\u0161la n\u011bco pozitivn\u00edho, a to je to, \u017ee jsou v zim\u011b V\u00e1noce a tak i p\u0159esto, \u017ee je zima a venku je hnusn\u00e9 po\u010das\u00ed, tak pr\u00e1v\u011b V\u00e1noce vytv\u00e1\u0159ej\u00ed v zim\u011b tu n\u00e1dhernou atmosf\u00e9ru, kterou ka\u017ed\u00fd zbo\u017e\u0148uje.Nebojte se odv\u00e1zat\u00a0Zkr\u00e1tka a jasn\u011b byste si m\u011bli ka\u017ed\u00e9 ro\u010dn\u00ed obdob\u00ed u\u017e\u00edt do sytosti. J\u00e1 jsem to taky tak d\u0159\u00edve m\u00edvala, \u017ee na m\u011b \u0161ly deprese, ale tento rok to tak zat\u00edm nem\u00e1m a douf\u00e1m, \u017ee ani s p\u0159\u00edchodem zimy to tak nebude a t\u011b\u0161\u00edm se dokonce tro\u0161i\u010dku i na tu zimu, i kdy\u017e jsem ji p\u016fvodn\u011b nem\u011bla v\u016fbec r\u00e1da.                                                                                                                                                                                                                                                                                                                                                                                        4.3\/5 - (6 votes)        "},{"@context":"https:\/\/schema.org\/","@type":"BreadcrumbList","itemListElement":[{"@type":"ListItem","position":1,"name":"Podzim","item":"https:\/\/www.dentaco.cz\/podzim\/#breadcrumbitem"}]}]