[{"@context":"https:\/\/schema.org\/","@type":"Article","@id":"https:\/\/www.dentaco.cz\/kdyz-je-v-planu-romantika\/#Article","mainEntityOfPage":"https:\/\/www.dentaco.cz\/kdyz-je-v-planu-romantika\/","headline":"Kdy\u017e je v pl\u00e1nu romantika","name":"Kdy\u017e je v pl\u00e1nu romantika","description":"Chcete pot\u011b\u0161it svou partnerku? Chcete str\u00e1vit nezapomenuteln\u00e9 romantick\u00e9 chvilky ve dvou? Mo\u017en\u00e1 jste teprve na za\u010d\u00e1tku vztahu a chcete na svou milou ud\u011blat mimo\u0159\u00e1dn\u00fd dojem, mo\u017en\u00e1 ji chcete po\u017e\u00e1dat o ruku \u010di naopak jste v sou\u010dasn\u00e9m svazku ji\u017e \u0159adu let a tou\u017e\u00edte po zm\u011bn\u011b, odpo\u010dinku od rodinn\u00e9ho stereotypu. Pro v\u0161echny tyto varianty je ide\u00e1ln\u00edm \u0159e\u0161en\u00edm vyrazit na romantick\u00fd v\u00edkend ve [&hellip;]","datePublished":"2023-05-13","dateModified":"2024-05-15","author":{"@type":"Person","@id":"https:\/\/www.dentaco.cz\/author\/#Person","name":"","url":"https:\/\/www.dentaco.cz\/author\/","identifier":1,"image":{"@type":"ImageObject","@id":"https:\/\/secure.gravatar.com\/avatar\/d89f66f31d15c86aaa67b2d500e11b783534f791bc2a93dd89895a03d043c162?s=96&d=mm&r=g","url":"https:\/\/secure.gravatar.com\/avatar\/d89f66f31d15c86aaa67b2d500e11b783534f791bc2a93dd89895a03d043c162?s=96&d=mm&r=g","height":96,"width":96}},"publisher":{"@type":"Organization","name":"dentaco.cz","logo":{"@type":"ImageObject","@id":"\/logo.png","url":"\/logo.png","width":600,"height":60}},"url":"https:\/\/www.dentaco.cz\/kdyz-je-v-planu-romantika\/","wordCount":227,"articleBody":"Chcete pot\u011b\u0161it svou partnerku? Chcete str\u00e1vit nezapomenuteln\u00e9 romantick\u00e9 chvilky ve dvou? Mo\u017en\u00e1 jste teprve na za\u010d\u00e1tku vztahu a chcete na svou milou ud\u011blat mimo\u0159\u00e1dn\u00fd dojem, mo\u017en\u00e1 ji chcete po\u017e\u00e1dat o ruku \u010di naopak jste v sou\u010dasn\u00e9m svazku ji\u017e \u0159adu let a tou\u017e\u00edte po zm\u011bn\u011b, odpo\u010dinku od rodinn\u00e9ho stereotypu. Pro v\u0161echny tyto varianty je ide\u00e1ln\u00edm \u0159e\u0161en\u00edm vyrazitna romantick\u00fd v\u00edkend ve dvou, n\u011bkam, kde se budete m\u00edt p\u0159\u00edmo kr\u00e1lovsky, kde zapomenete na starosti v\u0161edn\u00edch dn\u016f. Ji\u017e v\u00edte, kde je to v\u00e1\u017en\u011b nej?Snadn\u00e1 dopravaNejlep\u0161\u00ed volbou, kterou m\u016f\u017eete u\u010dinit, chcete-li ud\u011blat skute\u010dn\u011b ten nejlep\u0161\u00ed dojem, je p\u0159ijet k n\u00e1m, do hotelu Praha. N\u00e1\u0161 are\u00e1l se nach\u00e1z\u00ed na okraji Prahy 8, v \u010d\u00e1sti B\u0159ezin\u011bves. Nenechte se v\u0161ak m\u00fdlit, je to lokalita velice snadno a pohodln\u011b dostupn\u00e1 a\u0165 ji\u017e pojedete sv\u00fdm autem, nebo zvol\u00edte-li m\u011bstskou hromadnou dopravu. Autobusy p\u0159\u00edmo k n\u00e1m jezd\u00ed cel\u00fd den rovnou od stanice metra L\u00e1dv\u00ed. Pokud zvol\u00edte cestov\u00e1n\u00ed vlastn\u00edm autem, p\u0159\u00edmo v are\u00e1lu je kryt\u00e9 parkovi\u0161t\u011b pro na\u0161e hosty, nemus\u00edte se tedy b\u00e1t nezvan\u00fdch n\u00e1v\u0161t\u011bvn\u00edk\u016f.                                                                                                                                                                                                                                                                                                                                                                                        5\/5 - (4 votes)        "},{"@context":"https:\/\/schema.org\/","@type":"BreadcrumbList","itemListElement":[{"@type":"ListItem","position":1,"name":"Kdy\u017e je v pl\u00e1nu romantika","item":"https:\/\/www.dentaco.cz\/kdyz-je-v-planu-romantika\/#breadcrumbitem"}]}]