[{"@context":"https:\/\/schema.org\/","@type":"Article","@id":"https:\/\/www.dentaco.cz\/kapacita-a-prostor\/#Article","mainEntityOfPage":"https:\/\/www.dentaco.cz\/kapacita-a-prostor\/","headline":"Kapacita a prostor","name":"Kapacita a prostor","description":"K \u010demu se v\u00e1m mohou p\u00e1rty stany hodit? Nejedn\u00e1 se o vybaven\u00ed, kter\u00e9 je pot\u0159eba pro velkou spoustu lid\u00ed, ale i pro men\u0161\u00ed po\u010det. Z\u00e1le\u017e\u00ed tedy sp\u00ed\u0161e na tom, jak velk\u00fd prostor chcete pokr\u00fdt. Objednejte si jeden z nich u n\u00e1s a my v\u00e1m jej p\u0159ijedeme postavit, abyste nem\u011bli starosti nav\u00edc. D\u016fvod nen\u00ed podstatn\u00fd P\u00e1rty stanyse hod\u00ed opravdu pro ka\u017edou [&hellip;]","datePublished":"2024-12-01","dateModified":"2024-12-01","author":{"@type":"Person","@id":"https:\/\/www.dentaco.cz\/author\/#Person","name":"","url":"https:\/\/www.dentaco.cz\/author\/","identifier":1,"image":{"@type":"ImageObject","@id":"https:\/\/secure.gravatar.com\/avatar\/d89f66f31d15c86aaa67b2d500e11b783534f791bc2a93dd89895a03d043c162?s=96&d=mm&r=g","url":"https:\/\/secure.gravatar.com\/avatar\/d89f66f31d15c86aaa67b2d500e11b783534f791bc2a93dd89895a03d043c162?s=96&d=mm&r=g","height":96,"width":96}},"publisher":{"@type":"Organization","name":"dentaco.cz","logo":{"@type":"ImageObject","@id":"\/logo.png","url":"\/logo.png","width":600,"height":60}},"url":"https:\/\/www.dentaco.cz\/kapacita-a-prostor\/","wordCount":166,"articleBody":" K \u010demu se v\u00e1m mohou p\u00e1rty stany hodit? Nejedn\u00e1 se o vybaven\u00ed, kter\u00e9 je pot\u0159eba pro velkou spoustu lid\u00ed, ale i pro men\u0161\u00ed po\u010det. Z\u00e1le\u017e\u00ed tedy sp\u00ed\u0161e na tom, jak velk\u00fd prostor chcete pokr\u00fdt. Objednejte si jeden z nich u n\u00e1s a my v\u00e1m jej p\u0159ijedeme postavit, abyste nem\u011bli starosti nav\u00edc. D\u016fvod nen\u00ed podstatn\u00fd P\u00e1rty stanyse hod\u00ed opravdu pro ka\u017edou p\u0159\u00edle\u017eitost, kter\u00e1 se odehr\u00e1v\u00e1 venku. M\u016f\u017ee to b\u00fdt svatba, oslava narozenin, firemn\u00ed ve\u010d\u00edrek, nebo tak\u00e9 klidn\u011b jen grilov\u00e1n\u00ed s p\u0159\u00e1teli nebo ve\u010dern\u00ed posezen\u00ed u v\u00edna. Podle toho se bude odehr\u00e1vat plocha tohoto vybaven\u00ed a samoz\u0159ejm\u011b tak\u00e9 jeho cena, pokud jde jen o pron\u00e1jem nebo p\u0159\u00edmo o koupi. My v\u00e1m pom\u016f\u017eeme vybrat typ i velikost, kter\u00e1 v\u00e1m sedne nejv\u00edce a kterou budete moci vyu\u017e\u00edt p\u0159i sv\u00e9 pl\u00e1novan\u00e9 ud\u00e1losti.                                                                                                                                                                                                                                                                                                                                                                                        4\/5 - (1 vote)        "},{"@context":"https:\/\/schema.org\/","@type":"BreadcrumbList","itemListElement":[{"@type":"ListItem","position":1,"name":"Kapacita a prostor","item":"https:\/\/www.dentaco.cz\/kapacita-a-prostor\/#breadcrumbitem"}]}]