[{"@context":"https:\/\/schema.org\/","@type":"Article","@id":"https:\/\/www.dentaco.cz\/k-cemu-vyuzit-antidekubitni-sedak\/#Article","mainEntityOfPage":"https:\/\/www.dentaco.cz\/k-cemu-vyuzit-antidekubitni-sedak\/","headline":"K \u010demu vyu\u017e\u00edt antidekubitn\u00ed sed\u00e1k","name":"K \u010demu vyu\u017e\u00edt antidekubitn\u00ed sed\u00e1k","description":"Kr\u00e1tce po sametov\u00e9 revoluci se mohli mlad\u00ed branci v na\u0161\u00ed zemi rozhodnout, zda nam\u00edsto vojensk\u00e9 slu\u017eby absolvuj\u00ed slu\u017ebu v civilu v nemocni\u010dn\u00edm za\u0159\u00edzen\u00ed. Bylo to v\u00fdhodn\u00e9 zejm\u00e9na v tom, \u017ee nemuseli opou\u0161t\u011bt sv\u00e9 domovy, absolvovat vojensk\u00fd v\u00fdcvik a za\u017e\u00edt \u0161ikanu a podobn\u00e9 nep\u0159\u00edjemnosti. Slu\u017eba v nemocnici v\u0161ak tak\u00e9 mnohdy nebyla zrovna proch\u00e1zkou r\u016f\u017eov\u00fdm sadem. Mnoz\u00ed se tu setk\u00e1vali se smrt\u00ed [&hellip;]","datePublished":"2023-11-27","dateModified":"2023-12-27","author":{"@type":"Person","@id":"https:\/\/www.dentaco.cz\/author\/#Person","name":"","url":"https:\/\/www.dentaco.cz\/author\/","identifier":1,"image":{"@type":"ImageObject","@id":"https:\/\/secure.gravatar.com\/avatar\/d89f66f31d15c86aaa67b2d500e11b783534f791bc2a93dd89895a03d043c162?s=96&d=mm&r=g","url":"https:\/\/secure.gravatar.com\/avatar\/d89f66f31d15c86aaa67b2d500e11b783534f791bc2a93dd89895a03d043c162?s=96&d=mm&r=g","height":96,"width":96}},"publisher":{"@type":"Organization","name":"dentaco.cz","logo":{"@type":"ImageObject","@id":"\/logo.png","url":"\/logo.png","width":600,"height":60}},"image":{"@type":"ImageObject","@id":"https:\/\/www.dentaco.cz\/wp-content\/uploads\/asphalt-3533324_640.jpg","url":"https:\/\/www.dentaco.cz\/wp-content\/uploads\/asphalt-3533324_640.jpg","height":0,"width":0},"url":"https:\/\/www.dentaco.cz\/k-cemu-vyuzit-antidekubitni-sedak\/","about":["Zbo\u017e\u00ed"],"wordCount":384,"articleBody":"       Kr\u00e1tce po sametov\u00e9 revoluci se mohli mlad\u00ed branci v na\u0161\u00ed zemi rozhodnout, zda nam\u00edsto vojensk\u00e9 slu\u017eby absolvuj\u00ed slu\u017ebu v civilu v nemocni\u010dn\u00edm za\u0159\u00edzen\u00ed. Bylo to v\u00fdhodn\u00e9 zejm\u00e9na v tom, \u017ee nemuseli opou\u0161t\u011bt sv\u00e9 domovy, absolvovat vojensk\u00fd v\u00fdcvik a za\u017e\u00edt \u0161ikanu a podobn\u00e9 nep\u0159\u00edjemnosti. Slu\u017eba v nemocnici v\u0161ak tak\u00e9 mnohdy nebyla zrovna proch\u00e1zkou r\u016f\u017eov\u00fdm sadem. Mnoz\u00ed se tu setk\u00e1vali se smrt\u00ed a s t\u011b\u017ece nemocn\u00fdmi pacienty, kte\u0159\u00ed byli odk\u00e1z\u00e1ni na l\u00e9ka\u0159skou p\u00e9\u010di a tr\u00e1vili mnoho \u010dasu na l\u016f\u017eku.Dlouhodob\u00fd pobyt na l\u016f\u017eku v\u0161ak p\u0159in\u00e1\u0161\u00ed jist\u00e1 \u00faskal\u00ed, zejm\u00e9na v podob\u011b prole\u017eenin, takzvan\u00fdch dekubit\u016f. Jde o odum\u00edraj\u00edc\u00ed t\u011blesn\u00e9 bu\u0148ky poko\u017eky, vaziva a svaloviny, kter\u00e9 nejsou dostate\u010dn\u011b prokrven\u00e9 a okysli\u010den\u00e9. Dekubit tak\u00e9 nep\u0159\u00edjemn\u011b zap\u00e1ch\u00e1, proto\u017ee doch\u00e1z\u00ed k jeho rozkladu, a je to z\u00e1rove\u0148 nebezpe\u010dn\u00fd jev, kter\u00fd m\u016f\u017ee zas\u00e1hnout organismus a vyvolat z\u00e1va\u017enou celkovou sepsi.S dekubvity se tak\u00e9 setk\u00e1v\u00e1me u osob odk\u00e1zan\u00fdch na invalidn\u00ed voz\u00edk. Dlouh\u00e9 sezen\u00ed na jednom m\u00edst\u011b bez mo\u017enosti p\u0159esednout si a zm\u011bnit polohu je v tomto p\u0159\u00edpad\u011b bohu\u017eel velmi \u010dast\u00e9, a abychom dekubit\u016fm p\u0159edch\u00e1zeli, mus\u00edme na to j\u00edt jinak. Nap\u0159\u00edklad vhodn\u00fdm antidekubitn\u00edm sed\u00e1kem libelladesign.cz.Antidekubitn\u00ed podlo\u017eky a sed\u00e1ky jsou zhotoven\u00e9 speci\u00e1ln\u00ed technologi\u00ed, kter\u00e1 umo\u017e\u0148uje i dlouhodob\u00e9 zat\u00ed\u017een\u00ed h\u00fd\u017ed\u00ed. Materi\u00e1l umo\u017e\u0148uje lep\u0161\u00ed prokrven\u00ed tk\u00e1n\u00ed a nezp\u016fsobuje takov\u00e9 pot\u00ed\u017ee, jako b\u011b\u017en\u00e9 molitanov\u00e9 \u010di polyuretanov\u00e9 sedac\u00ed podlo\u017eky.Sed\u00e1ky je mo\u017eno vyu\u017e\u00edvat ka\u017ed\u00fd den a velmi snadno se tak\u00e9 udr\u017euj\u00ed v \u010distot\u011b. Zaji\u0161\u0165uj\u00ed tak dlouhodob\u00fd komfort zejm\u00e9na lidem upoutan\u00fdm na invalidn\u00ed voz\u00edk, a nejen to, sed\u00e1k lze vyu\u017e\u00edt i pro zdrav\u00e9 osoby, nebo pro situace, kdy pot\u0159ebujete vykon\u00e1vat sedav\u00e1 zam\u011bstn\u00e1n\u00ed s mnohahodinovou psychickou z\u00e1t\u011b\u017e\u00ed. Sed\u00e1k poslou\u017e\u00ed i p\u0159i manu\u00e1ln\u00ed \u010dinnosti v dom\u00e1cnosti p\u0159i r\u016fzn\u00fdch oprav\u00e1ch elektroinstalace, \u010di\u0161t\u011bn\u00ed odpad\u016f, pokl\u00e1dce podlahov\u00fdch krytin atd.                                                                                                                                                                                                                                                                                                                                                                                          3\/5 - (3 votes)        "},{"@context":"https:\/\/schema.org\/","@type":"BreadcrumbList","itemListElement":[{"@type":"ListItem","position":1,"name":"K \u010demu vyu\u017e\u00edt antidekubitn\u00ed sed\u00e1k","item":"https:\/\/www.dentaco.cz\/k-cemu-vyuzit-antidekubitni-sedak\/#breadcrumbitem"}]}]