[{"@context":"https:\/\/schema.org\/","@type":"Article","@id":"https:\/\/www.dentaco.cz\/co-dat-zenam-k-vanocum\/#Article","mainEntityOfPage":"https:\/\/www.dentaco.cz\/co-dat-zenam-k-vanocum\/","headline":"Co d\u00e1t \u017een\u00e1m k V\u00e1noc\u016fm?","name":"Co d\u00e1t \u017een\u00e1m k V\u00e1noc\u016fm?","description":"V\u00e1noce jsou tu co nevid\u011bt. Neuv\u011b\u0159iteln\u00e9, ale je to tak. Dal\u0161\u00ed rok utekl a my se mus\u00edme p\u0159ipravit na v\u00e1no\u010dn\u00ed \u010das. N\u011bkdo ho miluje, n\u011bkdo ho nem\u00e1 p\u0159\u00edli\u0161 v l\u00e1sce. Stejn\u011b jako nakupov\u00e1n\u00ed d\u00e1rk\u016f. Existuje mnoho dom\u00e1cnost\u00ed, kter\u00e9 se domluv\u00ed, \u017ee si d\u00e1rky d\u00e1vat zkr\u00e1tka nebudou. Ale v\u011bt\u0161ina rodin dodr\u017euje tradici, \u017ee si nad\u011bl\u00ed pod v\u00e1no\u010dn\u00ed strome\u010dek v\u011bt\u0161\u00ed \u010di men\u0161\u00ed [&hellip;]","datePublished":"2023-10-30","dateModified":"2023-11-30","author":{"@type":"Person","@id":"https:\/\/www.dentaco.cz\/author\/#Person","name":"","url":"https:\/\/www.dentaco.cz\/author\/","identifier":1,"image":{"@type":"ImageObject","@id":"https:\/\/secure.gravatar.com\/avatar\/d89f66f31d15c86aaa67b2d500e11b783534f791bc2a93dd89895a03d043c162?s=96&d=mm&r=g","url":"https:\/\/secure.gravatar.com\/avatar\/d89f66f31d15c86aaa67b2d500e11b783534f791bc2a93dd89895a03d043c162?s=96&d=mm&r=g","height":96,"width":96}},"publisher":{"@type":"Organization","name":"dentaco.cz","logo":{"@type":"ImageObject","@id":"\/logo.png","url":"\/logo.png","width":600,"height":60}},"image":{"@type":"ImageObject","@id":"https:\/\/www.dentaco.cz\/wp-content\/uploads\/rocknwool-96oddxihsfA-unsplash.jpg","url":"https:\/\/www.dentaco.cz\/wp-content\/uploads\/rocknwool-96oddxihsfA-unsplash.jpg","height":0,"width":0},"url":"https:\/\/www.dentaco.cz\/co-dat-zenam-k-vanocum\/","about":["Spole\u010dnosti"],"wordCount":421,"articleBody":"   V\u00e1noce jsou tu co nevid\u011bt. Neuv\u011b\u0159iteln\u00e9, ale je to tak. Dal\u0161\u00ed rok utekl a my se mus\u00edme p\u0159ipravit na v\u00e1no\u010dn\u00ed \u010das. N\u011bkdo ho miluje, n\u011bkdo ho nem\u00e1 p\u0159\u00edli\u0161 v l\u00e1sce. Stejn\u011b jako nakupov\u00e1n\u00ed d\u00e1rk\u016f. Existuje mnoho dom\u00e1cnost\u00ed, kter\u00e9 se domluv\u00ed, \u017ee si d\u00e1rky d\u00e1vat zkr\u00e1tka nebudou. Ale v\u011bt\u0161ina rodin dodr\u017euje tradici, \u017ee si nad\u011bl\u00ed pod v\u00e1no\u010dn\u00ed strome\u010dek v\u011bt\u0161\u00ed \u010di men\u0161\u00ed d\u00e1rky. Mo\u017en\u00e1 si pr\u00e1v\u011b te\u010f l\u00e1mete hlavu s t\u00edm, co darovat sv\u00fdm bl\u00edzk\u00fdm \u017eensk\u00e9ho pohlav\u00ed. T\u0159eba takov\u00e1 maminka, man\u017eelka, p\u0159\u00edtelkyn\u011b, sestra, tch\u00fdn\u011b. \u017den m\u00e1me v rodin\u011b zkr\u00e1tka hodn\u011b. Ka\u017edou \u017eenu pot\u011b\u0161\u00ed n\u011bco p\u011bkn\u00e9ho na sebe. Ot\u00e1zka je, zda zn\u00e1te dob\u0159e jejich vkus a velikost, aby to u v\u00e1no\u010dn\u00edho strome\u010dku nedopadlo je\u0161t\u011b h\u00e1dkou. Pokud si na to ale troufnete, vkusn\u011b vybran\u00fd kousek oble\u010den\u00ed jist\u011b vykouzl\u00ed velk\u00fd \u00fasm\u011bv na tv\u00e1\u0159i ka\u017ed\u00e9 \u017eeny. Vyu\u017e\u00edt dokonce m\u016f\u017eete slevov\u00fd k\u00f3d About you 15. \u017deny jsou obvykle ty, kter\u00fdm le\u017e\u00ed na bedrech p\u00e9\u010de o dom\u00e1cnost. Ur\u010dit\u011b tedy uv\u00edtaj\u00ed mo\u017enost si na chv\u00edli odpo\u010dinout, t\u0159eba formou poukazu na mas\u00e1\u017ee, do wellness nebo t\u0159eba pouk\u00e1zkou ke kade\u0159n\u00edkovi nebo kosmeti\u010dce. Mo\u017en\u00e1 je va\u0161e bl\u00edzk\u00e1 sp\u00ed\u0161e na praktick\u00e9 d\u00e1rky. Pokud j\u00ed to ud\u011bl\u00e1 radost, ur\u010dit\u011b na tom nen\u00ed nic \u0161patn\u00e9ho. Nov\u00fd vysava\u010d, hrnce, lo\u017en\u00ed pr\u00e1dlo nebo n\u011bjak\u00e9 chytr\u00e9 vychyt\u00e1vky, kter\u00e9 j\u00ed pomohou s \u00fadr\u017ebou domu ur\u010dit\u011b pot\u011b\u0161\u00ed. Kter\u00e1 \u017eena by nem\u011bla r\u00e1da kosmetiku. Hezk\u00fd kosmetick\u00fd bal\u00ed\u010dek pe\u010duj\u00edc\u00ed nebo naopak dekorativn\u00ed kosmetiky ur\u010dit\u011b rozz\u00e1\u0159\u00ed tv\u00e1\u0159 ka\u017ed\u00e9 \u017eeny \u00fasm\u011bvem. A je\u0161t\u011b l\u00e9pe pokud t\u0159eba v\u00edte, jakou konkr\u00e9tn\u00ed zna\u010dku \u017eena pou\u017e\u00edv\u00e1. Mo\u017en\u00e1 bude dobr\u00fd n\u00e1pad i n\u011bjak\u00e1 ta elektronika. Jestli va\u0161e bl\u00edzk\u00e1 \u010dasto poslouch\u00e1 hudbu, m\u016f\u017eete j\u00ed ud\u011blat radost kvalitn\u00edmi, bezdr\u00e1tov\u00fdmi sluch\u00e1tky. Nebo chytr\u00e9 hodinky, kter\u00e9 nab\u00edz\u00ed spoustu vymo\u017eenost\u00ed, jako p\u0159ij\u00edm\u00e1n\u00ed hovor\u016f, p\u0159ij\u00edm\u00e1n\u00ed notifikac\u00ed z mobilu, po\u010d\u00edt\u00e1n\u00ed krok\u016f, m\u011b\u0159en\u00ed dechu, tepu a spoustu dal\u0161\u00edho. Z\u00e1le\u017e\u00ed na tom, jestli by va\u0161\u00ed bl\u00edzk\u00e9 ud\u011blali radost.                                                                                                                                                                                                                                                                                                                                                                                          5\/5 - (5 votes)        "},{"@context":"https:\/\/schema.org\/","@type":"BreadcrumbList","itemListElement":[{"@type":"ListItem","position":1,"name":"Co d\u00e1t \u017een\u00e1m k V\u00e1noc\u016fm?","item":"https:\/\/www.dentaco.cz\/co-dat-zenam-k-vanocum\/#breadcrumbitem"}]}]