[{"@context":"https:\/\/schema.org\/","@type":"Article","@id":"https:\/\/www.dentaco.cz\/bydleni-na-vesnici\/#Article","mainEntityOfPage":"https:\/\/www.dentaco.cz\/bydleni-na-vesnici\/","headline":"Bydlen\u00ed na vesnici","name":"Bydlen\u00ed na vesnici","description":"V\u017edycky jsem cel\u00fd \u017eivot cht\u011bla bydlet na vesnici. A na vesnic\u00edch jsem cht\u011bla bydlet hlavn\u011b kv\u016fli tomu, \u017ee tam m\u016f\u017eu chovat sv\u00e1 zv\u00ed\u0159ata. Zv\u00ed\u0159ata jsem cht\u011bla chovat opravdu u\u017e hodn\u011b dlouho. Jenom\u017ee moji rodi\u010de mi \u0159\u00edkali, \u017ee kdybych bydlela n\u011bkde na statku na vesnici, \u017ee to bude tak\u00e9 opravdu hodn\u011b n\u00e1kladn\u00e9 a slo\u017eit\u00e9, \u017ee kdy\u017e budu m\u00edt na vesnici zv\u00ed\u0159ata, [&hellip;]","datePublished":"2024-08-28","dateModified":"2024-08-28","author":{"@type":"Person","@id":"https:\/\/www.dentaco.cz\/author\/#Person","name":"","url":"https:\/\/www.dentaco.cz\/author\/","identifier":1,"image":{"@type":"ImageObject","@id":"https:\/\/secure.gravatar.com\/avatar\/d89f66f31d15c86aaa67b2d500e11b783534f791bc2a93dd89895a03d043c162?s=96&d=mm&r=g","url":"https:\/\/secure.gravatar.com\/avatar\/d89f66f31d15c86aaa67b2d500e11b783534f791bc2a93dd89895a03d043c162?s=96&d=mm&r=g","height":96,"width":96}},"publisher":{"@type":"Organization","name":"dentaco.cz","logo":{"@type":"ImageObject","@id":"\/logo.png","url":"\/logo.png","width":600,"height":60}},"image":{"@type":"ImageObject","@id":"https:\/\/www.dentaco.cz\/wp-content\/uploads\/house-5148865_1280.jpg","url":"https:\/\/www.dentaco.cz\/wp-content\/uploads\/house-5148865_1280.jpg","height":0,"width":0},"url":"https:\/\/www.dentaco.cz\/bydleni-na-vesnici\/","about":["Byt a d\u016fm"],"wordCount":437,"articleBody":"V\u017edycky jsem cel\u00fd \u017eivot cht\u011bla bydlet na vesnici. A na vesnic\u00edch jsem cht\u011bla bydlet hlavn\u011b kv\u016fli tomu, \u017ee tam m\u016f\u017eu chovat sv\u00e1 zv\u00ed\u0159ata. Zv\u00ed\u0159ata jsem cht\u011bla chovat opravdu u\u017e hodn\u011b dlouho. Jenom\u017ee moji rodi\u010de mi \u0159\u00edkali, \u017ee kdybych bydlela n\u011bkde na statku na vesnici, \u017ee to bude tak\u00e9 opravdu hodn\u011b n\u00e1kladn\u00e9 a slo\u017eit\u00e9, \u017ee kdy\u017e budu m\u00edt na vesnici zv\u00ed\u0159ata, \u017ee se tak\u00e9 o n\u011b budu muset postarat. Jenom\u017ee se rodi\u010de zm\u00fdlili. Rodi\u010de mi \u0159\u00edkali, \u017ee pr\u00e1ce na statku je velice n\u00e1ro\u010dn\u00e1 a \u017ee to nen\u00ed pro ka\u017ed\u00e9ho. J\u00e1 jsem jednozna\u010dn\u011b cht\u011bla m\u00edt velik\u00fd d\u016fm, nav\u00edc kdy\u017e potom budete m\u00edt d\u011bti, tak samoz\u0159ejm\u011b \u017ee va\u0161e d\u011bti potom tak\u00e9 tam budou m\u00edt v\u011bt\u0161\u00ed sportovn\u00ed vyu\u017eit\u00ed. D\u011bti potom mohou b\u011bhat n\u011bkde po venku. Jenom si p\u0159edstavte, kdybyste t\u0159eba m\u011bli velikou rodinu a bydleli byste n\u011bkde na m\u011bst\u011b v mal\u00e9m byt\u011b, i kdyby tam ka\u017ed\u00e9 d\u00edt\u011b m\u011blo sv\u016fj pokoj a sv\u00e9 soukrom\u00ed, tak stejn\u011b mal\u00fdm d\u011btem nenahrad\u00ed nic v\u00edc ne\u017e h\u0159i\u0161t\u011b pro d\u011bti. To je podle m\u00e9ho n\u00e1zoru opravdu to nejlep\u0161\u00ed, co m\u016f\u017eete sv\u00fdm d\u011btem d\u00e1t. N\u011bjakou venkovn\u00ed z\u00e1bavu, proto\u017ee n\u011bjakou z\u00e1bavu na doma si ka\u017ed\u00e9 d\u00edt\u011b n\u011bjak ud\u011bl\u00e1. A to hlavn\u011b, kdy\u017e t\u011bch d\u011bt\u00ed je v\u00edc. Ale t\u0159eba kdy\u017e m\u00e1te jenom jedno d\u00edt\u011b anebo chcete pro sv\u00e9 d\u00edt\u011b n\u011bjak\u00e9 sportovn\u00ed vyu\u017eit\u00ed, tak si mysl\u00edm, \u017ee pr\u00e1v\u011b velik\u00fd d\u016fm anebo statek na vesnici bude opravdu perfektn\u00ed volba. J\u00e1 v\u00edm, \u017ee mnoho lid\u00ed si tohle dovolit nem\u016f\u017ee, \u017ee t\u0159eba na to nemaj\u00ed v\u016fbec \u017e\u00e1dn\u00e9 pen\u00edze. Ale \u0159ekla jsem si, \u017ee kdy\u017e budu m\u00edt d\u011bti a s partnerem se dohodneme, \u017ee budeme bydlet na vesnici v n\u011bjak\u00e9m velik\u00e9m dom\u011b, tak ur\u010dit\u011b by tohle byl m\u016fj sen a moc bych si to p\u0159\u00e1la. A kdyby s t\u00edmhle tak\u00e9 m\u016fj partner souhlasil, byla bych opravdu jako v sedm\u00e9m nebi. Mysl\u00edm si, \u017ee tohle by byl opravdu ide\u00e1ln\u00ed. Pro velik\u00e9 rodiny. Nedok\u00e1\u017ee\u0161 si p\u0159edstavit, \u017ee bych jako \u0161esti\u010dlenn\u00e1 rodina bydlela v n\u011bjak\u00e9m mal\u00e9m t\u0159\u00edpokojov\u00e9m byt\u011b? Tam bychom se ma\u010dkali asi jako sardinky.\u00a0                                                                                                                                                                                                                                                                                                                                                                                        4.2\/5 - (4 votes)        "},{"@context":"https:\/\/schema.org\/","@type":"BreadcrumbList","itemListElement":[{"@type":"ListItem","position":1,"name":"Bydlen\u00ed na vesnici","item":"https:\/\/www.dentaco.cz\/bydleni-na-vesnici\/#breadcrumbitem"}]}]